{"id":2602,"date":"2011-06-02T18:14:26","date_gmt":"2011-06-02T15:14:26","guid":{"rendered":"http:\/\/kariyeryolculugu.com\/blog\/?p=2602"},"modified":"2011-06-02T18:14:26","modified_gmt":"2011-06-02T15:14:26","slug":"twitter-kisa-yazmayi-degil-baslik-atmayi-ogretir","status":"publish","type":"post","link":"https:\/\/kariyeryolculugu.com\/blog\/2011\/06\/02\/twitter-kisa-yazmayi-degil-baslik-atmayi-ogretir\/","title":{"rendered":"Twitter K\u0131sa Yazmay\u0131 De\u011fil Ba\u015fl\u0131k Atmay\u0131 \u00d6\u011fretir."},"content":{"rendered":"<p>T\u00fcrkiye de a\u011f\u0131zdan a\u011f\u0131za dolanan bir\u015fey vard\u0131r. Denir ki T\u00fcrk insan\u0131 k\u0131sa c\u00fcmleler kuramaz. T\u00fcrk\u00e7e Ingilizce gibi de\u011fil, bizler a\u011fdal\u0131 yazar\u0131z.<\/p>\n<p>Bu c\u00fcmle do\u011fru mudur bilemiyorum. Yani, a\u011fdal\u0131 uzun c\u00fcmleler kurmam\u0131z bizim tembelli\u011fimizden midir yoksa ger\u00e7ekten durum s\u00f6ylendi\u011fi gibi T\u00fcrk\u00e7e ile mi ilgilidir? \u00d6rne\u011fin genelde bir T\u00fcrk soru soraca\u011f\u0131 zaman ilk \u00f6nce kendini ve ne demek istedi\u011fini a\u00e7\u0131klar, ard\u0131ndan sorusuna (ge\u00e7ebilirse) ge\u00e7er. Kurumsal hayatlarda \u00e7al\u0131\u015fanlar \u00e7ok kez bu t\u00fcr sorulara maruz kalm\u0131\u015ft\u0131r, hatta siz de onlardan biri olabilirsiniz.<\/p>\n<p>E\u011fer a\u011fdal\u0131 c\u00fcmlelere bay\u0131l\u0131yorsak ve daha k\u0131sa yazmak bize g\u00f6re de\u011filse, Twitter\u2019\u0131n topluma katk\u0131s\u0131 yads\u0131namaz! Ama durun. Twitter k\u0131sa yazmay\u0131 de\u011fil, vurucu ba\u015fl\u0131klar atmay\u0131 \u00f6\u011fretiyor asl\u0131nda\u2026<\/p>\n<p>Twitter 140 karakterden ibaret. Tabi kendi twitter hesab\u0131n\u0131z\u0131n da (<strong><a href=\"http:\/\/www.twitter.com\/fatierdogan\">@fatierdogan<\/a><\/strong> gibi) \u201cretweet\u201d ya da \u201creply\u201d fonksiyonlar\u0131nda \u00e7\u0131kmas\u0131n\u0131 istiyorsan\u0131z, isminizin uzunlu\u011funa ba\u011fl\u0131 olarak yazabilece\u011finiz karakter say\u0131s\u0131 130 civar\u0131.<!--more--><\/p>\n<p>Twitter ilk \u00e7\u0131kt\u0131\u011f\u0131nda \u201ck\u0131sa ve net\u201d yazabilmeyi g\u00f6steriyor diye kehanetlerde bulunduk. Ben de bunlardan biriydim. Ama \u015fimdi ba\u015fka bir kehanette bulunuyorum. Twitter k\u0131sa yazmaktan ziyade etkili, can al\u0131c\u0131 ve dinamik ba\u015fl\u0131klar att\u0131rmay\u0131 sa\u011fl\u0131yor. \u00c7\u00fcnk\u00fc d\u00fc\u015f\u00fcn\u00fcn, tweet\u2019iniz s\u0131radansa, pek de dikkat \u00e7ekmiyor. Yani k\u0131sa olmaktan ziyade vurucu olmas\u0131 daha \u00f6nemli. Okutturabilmesi gerekli. Bu da \u00f6nemli bir \u00f6zellik. E\u011fer yazd\u0131klar\u0131n\u0131z\u0131n okunmas\u0131n\u0131, linklerinizin a\u00e7\u0131lmas\u0131n\u0131 istiyorsan\u0131z, <strong><a href=\"http:\/\/kariyeryolculugu.com\/blog\/2011\/05\/31\/bakmazsan-erkek-degilsin\/\">bu \u00f6rne\u011fe benzer<\/a><\/strong> ba\u015fkl\u0131klar kullanmay\u0131 deneyebilirsiniz. Bu da bir <strong><a href=\"http:\/\/kariyeryolculugu.com\/blog\/2011\/05\/27\/girisimci-yoneticiliginizi-konusturun-kariyerinizi-costurun\/\">di\u011fer \u00f6rnek<\/a><\/strong> size.<\/p>\n<p>Nas\u0131l bir twitter kullan\u0131c\u0131s\u0131 oldu\u011funuzu \u00f6\u011frenmek isterseniz de, buyrun, bu 12 soruluk g\u00fczel bir <strong><a href=\"http:\/\/www.proprofs.com\/quiz-school\/story.php?title=learn-which-type-twitter-user-you-are\">test<\/a><\/strong> size.<\/p>\n<p><span style=\"color: #800000;\">Ilgili Makaleler:<\/span><\/p>\n<p><strong><a href=\"http:\/\/www.hurriyetdailynews.com\/n.php?n=cut-your-teeth-on-twitter-2009-08-13\">Fatmanur Erdogan, H\u00fcrriyet Daily News and Economic Review, Cut Your Teeth On Twitter<\/a><\/strong><\/p>\n<p>&nbsp;<\/p>\n","protected":false},"excerpt":{"rendered":"<p>T\u00fcrkiye de a\u011f\u0131zdan a\u011f\u0131za dolanan bir\u015fey vard\u0131r. Denir ki T\u00fcrk insan\u0131 k\u0131sa c\u00fcmleler kuramaz. T\u00fcrk\u00e7e Ingilizce gibi de\u011fil, bizler a\u011fdal\u0131 yazar\u0131z. Bu c\u00fcmle do\u011fru mudur bilemiyorum. Yani, a\u011fdal\u0131 uzun c\u00fcmleler kurmam\u0131z bizim tembelli\u011fimizden midir yoksa ger\u00e7ekten durum s\u00f6ylendi\u011fi gibi T\u00fcrk\u00e7e ile mi ilgilidir? \u00d6rne\u011fin genelde bir T\u00fcrk soru soraca\u011f\u0131 zaman ilk \u00f6nce kendini ve ne [&hellip;]<\/p>\n","protected":false},"author":1,"featured_media":0,"comment_status":"open","ping_status":"open","sticky":false,"template":"","format":"standard","meta":{"_exactmetrics_skip_tracking":false,"_exactmetrics_sitenote_active":false,"_exactmetrics_sitenote_note":"","_exactmetrics_sitenote_category":0,"_s2mail":"","footnotes":""},"categories":[70],"tags":[],"views":3513,"_links":{"self":[{"href":"https:\/\/kariyeryolculugu.com\/blog\/wp-json\/wp\/v2\/posts\/2602"}],"collection":[{"href":"https:\/\/kariyeryolculugu.com\/blog\/wp-json\/wp\/v2\/posts"}],"about":[{"href":"https:\/\/kariyeryolculugu.com\/blog\/wp-json\/wp\/v2\/types\/post"}],"author":[{"embeddable":true,"href":"https:\/\/kariyeryolculugu.com\/blog\/wp-json\/wp\/v2\/users\/1"}],"replies":[{"embeddable":true,"href":"https:\/\/kariyeryolculugu.com\/blog\/wp-json\/wp\/v2\/comments?post=2602"}],"version-history":[{"count":0,"href":"https:\/\/kariyeryolculugu.com\/blog\/wp-json\/wp\/v2\/posts\/2602\/revisions"}],"wp:attachment":[{"href":"https:\/\/kariyeryolculugu.com\/blog\/wp-json\/wp\/v2\/media?parent=2602"}],"wp:term":[{"taxonomy":"category","embeddable":true,"href":"https:\/\/kariyeryolculugu.com\/blog\/wp-json\/wp\/v2\/categories?post=2602"},{"taxonomy":"post_tag","embeddable":true,"href":"https:\/\/kariyeryolculugu.com\/blog\/wp-json\/wp\/v2\/tags?post=2602"}],"curies":[{"name":"wp","href":"https:\/\/api.w.org\/{rel}","templated":true}]}}