{"id":333,"date":"2008-08-06T15:38:58","date_gmt":"2008-08-06T12:38:58","guid":{"rendered":"http:\/\/kariyeryolculugu.com\/blog\/2008\/08\/06\/iletisim-alaninda-kariyer-yapmak-icin-gerekli-donanima-sahip-misiniz\/"},"modified":"2022-04-19T11:54:28","modified_gmt":"2022-04-19T08:54:28","slug":"iletisim-alaninda-kariyer-yapmak-icin-gerekli-donanima-sahip-misiniz","status":"publish","type":"post","link":"https:\/\/kariyeryolculugu.com\/blog\/2008\/08\/06\/iletisim-alaninda-kariyer-yapmak-icin-gerekli-donanima-sahip-misiniz\/","title":{"rendered":"\u0130leti\u015fim Alan\u0131nda Kariyer Yapmak \u0130\u00e7in Gerekli Donan\u0131ma Sahip Misiniz?"},"content":{"rendered":"<p><!--StartFragment--><\/p>\n<p class=\"MsoNormal\" style=\"line-height: 13pt;\"><span class=\"Apple-style-span\" style=\"font-family: Verdana; font-size: 12pt;\">Birka\u00e7 sene \u00f6nce bir sohbette dinledi\u011fim ger\u00e7ek bir i\u015f g\u00f6r\u00fc\u015fmesi diyalo\u011fu:<\/span><\/p>\n<p class=\"MsoNormal\" style=\"line-height: 13pt;\"><span style=\"font-size: 12pt; font-family: Verdana; color: #666699;\"><em>\u2018Ben halkla ili\u015fkiler alan\u0131nda kariyer yapmak istiyorum, ama bu alanda hi\u00e7 bir deneyimim ve bilgi birikimim yok.\u2019<\/em><\/span><\/p>\n<p class=\"MsoNormal\" style=\"line-height: 13pt;\"><span style=\"font-size: 12pt; font-family: Verdana; color: purple;\"><em>Peki bu pozisyon i\u00e7in neden uygun oldu\u011funu d\u00fc\u015f\u00fcn\u00fcyorsun?<\/em><\/span><\/p>\n<p class=\"MsoNormal\" style=\"line-height: 13pt;\"><span style=\"font-size: 12pt; font-family: Verdana; color: #666699;\"><em>\u2018Yani, yapamayaca\u011f\u0131m bir i\u015f de\u011fil. E\u011fer i\u015fi al\u0131rsam, bu alanda kendimi geli\u015ftirmeye, e\u011fitimlere kat\u0131lmaya ba\u015flayaca\u011f\u0131m. Ama i\u015fi alamayacaksam, bo\u015funa para harcamak istemem elbette.\u2019<\/em><\/span><\/p>\n<p class=\"MsoNormal\" style=\"line-height: 13pt;\"><span style=\"font-size: 12pt;\"><span style=\"font-family: Verdana;\">Sonu\u00e7ta bir beyin cerrah\u0131 de\u011fil, alt taraf\u0131 bir halkla ili\u015fkiler sorumlusu al\u0131n\u0131yor i\u015fe. Atla deve de\u011fil ki. \u0130\u015f \u00fczerinde \u00f6\u011frenilebilir!<\/span><span style=\"font-family: Verdana;\">Hepimiz i\u015fimizi \u2018i\u015f yaparken \u00f6\u011freniyoruz\u2019 bir yerde&#8230; Bildi\u011fimizi tecr\u00fcbeyle peki\u015ftiriyoruz, bilmedi\u011fimizi yine tecr\u00fcbeyle \u00f6\u011freniyoruz. Tecr\u00fcbeler bazen balla, bazen h\u00fcsranla sonu\u00e7lansa da&#8230;<\/span><\/span><\/p>\n<p class=\"MsoNormal\" style=\"line-height: 13pt;\"><span style=\"font-size: 12pt;\"><span style=\"font-family: Verdana;\">\u0130leti\u015fim alan\u0131nda kariyere sahip olmak isteyenler i\u00e7in <\/span><span style=\"font-family: Tahoma;\"><a title=\"orsa, salim kadibesegil, kurumsal itibar yonetimi\" href=\"http:\/\/www.orsa.com.tr\/\" target=\"_blank\" rel=\"noopener\"><span style=\"font-family: Verdana;\">Stratejik \u0130leti\u015fim Dan\u0131\u015fmanl\u0131\u011f\u0131<\/span><\/a><\/span><span style=\"font-family: Verdana;\"> alan\u0131nda isim yapm\u0131\u015f Salim Kad\u0131be\u015fegil\u2019in <a title=\"orsa, iletisim, itibar yonetimi, stratejik iletisim, algi yonetimi, salim kadibesegil\" href=\"http:\/\/www.orsa.com.tr\/cgi-bin\/asp\/content.asp?id=79&amp;menuid=178&amp;type=carrier&amp;lang=TR\" target=\"_blank\" rel=\"noopener\">bu testiyle<\/a> ne durumda oldu\u011funuza bakabilirsiniz. Daha fazla bilgi ve tecr\u00fcbe edinmeniz gereken yerleri rahat\u00e7a g\u00f6rebilirsiniz.<\/span><\/span><\/p>\n<p class=\"MsoNormal\" style=\"line-height: 13pt;\"><span style=\"font-size: 12pt; font-family: Verdana;\">A\u011fustos ay\u0131 kitap \u00e7ekili\u015finde <span class=\"Apple-style-span\" style=\"font-weight: bold;\">Peter Drucker\u2019\u0131n \u2018Etkin Y\u00f6neticinin Seyir Defteri\u2019 <\/span>var. (bkz. Sa\u011f bar)\u00a0<\/span><\/p>\n<p class=\"MsoNormal\" style=\"line-height: 13pt;\"><span style=\"font-size: 12pt; font-family: Verdana;\">Ka\u00e7\u0131rmay\u0131n.<\/span><\/p>\n<p><!--EndFragment--><\/p>\n","protected":false},"excerpt":{"rendered":"<p>Birka\u00e7 sene \u00f6nce bir sohbette dinledi\u011fim ger\u00e7ek bir i\u015f g\u00f6r\u00fc\u015fmesi diyalo\u011fu: \u2018Ben halkla ili\u015fkiler alan\u0131nda kariyer yapmak istiyorum, ama bu alanda hi\u00e7 bir deneyimim ve bilgi birikimim yok.\u2019 Peki bu pozisyon i\u00e7in neden uygun oldu\u011funu d\u00fc\u015f\u00fcn\u00fcyorsun? \u2018Yani, yapamayaca\u011f\u0131m bir i\u015f de\u011fil. E\u011fer i\u015fi al\u0131rsam, bu alanda kendimi geli\u015ftirmeye, e\u011fitimlere kat\u0131lmaya ba\u015flayaca\u011f\u0131m. Ama i\u015fi alamayacaksam, bo\u015funa [&hellip;]<\/p>\n","protected":false},"author":1,"featured_media":0,"comment_status":"open","ping_status":"closed","sticky":false,"template":"","format":"standard","meta":{"_exactmetrics_skip_tracking":false,"_exactmetrics_sitenote_active":false,"_exactmetrics_sitenote_note":"","_exactmetrics_sitenote_category":0,"_s2mail":"","footnotes":""},"categories":[50,57],"tags":[],"views":7704,"_links":{"self":[{"href":"https:\/\/kariyeryolculugu.com\/blog\/wp-json\/wp\/v2\/posts\/333"}],"collection":[{"href":"https:\/\/kariyeryolculugu.com\/blog\/wp-json\/wp\/v2\/posts"}],"about":[{"href":"https:\/\/kariyeryolculugu.com\/blog\/wp-json\/wp\/v2\/types\/post"}],"author":[{"embeddable":true,"href":"https:\/\/kariyeryolculugu.com\/blog\/wp-json\/wp\/v2\/users\/1"}],"replies":[{"embeddable":true,"href":"https:\/\/kariyeryolculugu.com\/blog\/wp-json\/wp\/v2\/comments?post=333"}],"version-history":[{"count":3,"href":"https:\/\/kariyeryolculugu.com\/blog\/wp-json\/wp\/v2\/posts\/333\/revisions"}],"predecessor-version":[{"id":6214,"href":"https:\/\/kariyeryolculugu.com\/blog\/wp-json\/wp\/v2\/posts\/333\/revisions\/6214"}],"wp:attachment":[{"href":"https:\/\/kariyeryolculugu.com\/blog\/wp-json\/wp\/v2\/media?parent=333"}],"wp:term":[{"taxonomy":"category","embeddable":true,"href":"https:\/\/kariyeryolculugu.com\/blog\/wp-json\/wp\/v2\/categories?post=333"},{"taxonomy":"post_tag","embeddable":true,"href":"https:\/\/kariyeryolculugu.com\/blog\/wp-json\/wp\/v2\/tags?post=333"}],"curies":[{"name":"wp","href":"https:\/\/api.w.org\/{rel}","templated":true}]}}