{"id":342,"date":"2008-09-05T00:02:21","date_gmt":"2008-09-04T21:02:21","guid":{"rendered":"http:\/\/kariyeryolculugu.com\/blog\/2008\/09\/05\/kariyer-de-neyin-nesi\/"},"modified":"2008-09-05T00:02:21","modified_gmt":"2008-09-04T21:02:21","slug":"kariyer-de-neyin-nesi","status":"publish","type":"post","link":"https:\/\/kariyeryolculugu.com\/blog\/2008\/09\/05\/kariyer-de-neyin-nesi\/","title":{"rendered":"Kariyer mi? O&#8217;da Neyin Nesi?"},"content":{"rendered":"<p><span class=\"Apple-style-span\" style=\"font-family: tahoma; font-size: 13px; line-height: 18px\">&#8220;\u0130stanbul B\u00fcy\u00fck\u015fehir Belediyesi yapt\u0131\u011f\u0131 zamla en d\u00fc\u015f\u00fck <span class=\"Apple-style-span\" style=\"font-weight: bold\">\u0130ETT \u015fof\u00f6rlerinin maa\u015f\u0131n\u0131 2 bin 268 YTL&#8217;ye y\u00fckseltti.<\/span> Yap\u0131lan zam\u0131n ard\u0131ndan \u0130ETT \u015fof\u00f6r\u00fcn\u00fcn maa\u015f\u0131 1.939 YTL\u2019den 2 bin 268 YTL\u2019ye \u00e7\u0131kt\u0131.\u00a0 Toplu \u0130\u015f S\u00f6zle\u015fmesi\u2019ne g\u00f6re i\u015f\u00e7iler, ilk y\u0131l y\u00fczde 17 zam, ikinci y\u0131l ise enflasyon oran\u0131nda zam alacak. H\u00fck\u00fcmetin ek zam ve y\u0131l i\u00e7erisinde yapt\u0131\u011f\u0131 maa\u015f art\u0131\u015flar\u0131na ra\u011fmen bir\u00e7ok memur \u0130ETT \u015fof\u00f6rlerinin kazand\u0131\u011f\u0131n\u0131n yar\u0131s\u0131n\u0131 bile alam\u0131yor.\u00a0Yap\u0131lan son zamlarla<span class=\"Apple-style-span\" style=\"font-weight: bold\"> bir kaymakam\u0131n maa\u015f\u0131 2.699, m\u00fchendisin 2.268, \u00f6\u011fretmenin 1.680, ba\u015fkomiserin 2.187, uzman doktorun 2.210, hem\u015firenin 1.412, ara\u015ft\u0131rma g\u00f6revlisinin 1.687, \u015fube m\u00fcd\u00fcr\u00fcn\u00fcn ise 1.849 YTL <\/span>oldu. Bu zamm\u0131 g\u00f6ren sendika ve \u0130ETT \u00e7al\u0131\u015fanlar\u0131\u00a0\u0130stanbul B\u00fcy\u00fck\u015fehir Belediyesi Ba\u015fkan \u0131Kadir Topba\u015f&#8217;\u0131 da aralar\u0131na alarak halay \u00e7ekti.&#8221;<\/span><br \/>\n<br \/>\n<strong>Ilgili Makaleler:<\/strong><br \/>\n<br \/>\n<a href=\"http:\/\/kariyeryolculugu.com\/blog\/2008\/07\/10\/sans-kapinizi-caldiginda-imkanlara-acik-olun\/\" title=\"sans, kariyer, imkan, firsatlar\">\u015eans Kap\u0131n\u0131z\u0131 \u00c7ald\u0131\u011f\u0131nda Imkanlara A\u00e7\u0131k Olun\u00a0<\/a><br \/>\n<br \/>\n<a href=\"http:\/\/kariyeryolculugu.com\/blog\/2008\/07\/10\/sans-kapinizi-caldiginda-imkanlara-acik-olun\/\" title=\"sans, kariyer, imkan, firsatlar\"><\/a><a href=\"http:\/\/kariyeryolculugu.com\/blog\/2008\/07\/10\/sans-kapinizi-caldiginda-imkanlara-acik-olun\/\" title=\"sans, kariyer, imkan, firsatlar\"><\/a><a href=\"http:\/\/kariyeryolculugu.com\/blog\/2007\/08\/28\/kariyerimiz-bazen-karsimiza-cikan-tesaduflere-bagli-ister-inanin-ister-inanmayin\/\" title=\"kariyer, sans, firsat, imkanlar, basari\">Kariyerimiz Bazen Kar\u015f\u0131m\u0131za \u00c7\u0131kan Imkanlara Ba\u011fl\u0131. Ister \u0130nan\u0131n, \u0130ster \u0130nanmay\u0131n\u00a0<\/a><\/p>\n","protected":false},"excerpt":{"rendered":"<p>&#8220;\u0130stanbul B\u00fcy\u00fck\u015fehir Belediyesi yapt\u0131\u011f\u0131 zamla en d\u00fc\u015f\u00fck \u0130ETT \u015fof\u00f6rlerinin maa\u015f\u0131n\u0131 2 bin 268 YTL&#8217;ye y\u00fckseltti. Yap\u0131lan zam\u0131n ard\u0131ndan \u0130ETT \u015fof\u00f6r\u00fcn\u00fcn maa\u015f\u0131 1.939 YTL\u2019den 2 bin 268 YTL\u2019ye \u00e7\u0131kt\u0131.\u00a0 Toplu \u0130\u015f S\u00f6zle\u015fmesi\u2019ne g\u00f6re i\u015f\u00e7iler, ilk y\u0131l y\u00fczde 17 zam, ikinci y\u0131l ise enflasyon oran\u0131nda zam alacak. H\u00fck\u00fcmetin ek zam ve y\u0131l i\u00e7erisinde yapt\u0131\u011f\u0131 maa\u015f art\u0131\u015flar\u0131na ra\u011fmen [&hellip;]<\/p>\n","protected":false},"author":1,"featured_media":0,"comment_status":"open","ping_status":"closed","sticky":false,"template":"","format":"standard","meta":{"_exactmetrics_skip_tracking":false,"_exactmetrics_sitenote_active":false,"_exactmetrics_sitenote_note":"","_exactmetrics_sitenote_category":0,"_s2mail":"","footnotes":""},"categories":[80],"tags":[],"views":3617,"_links":{"self":[{"href":"https:\/\/kariyeryolculugu.com\/blog\/wp-json\/wp\/v2\/posts\/342"}],"collection":[{"href":"https:\/\/kariyeryolculugu.com\/blog\/wp-json\/wp\/v2\/posts"}],"about":[{"href":"https:\/\/kariyeryolculugu.com\/blog\/wp-json\/wp\/v2\/types\/post"}],"author":[{"embeddable":true,"href":"https:\/\/kariyeryolculugu.com\/blog\/wp-json\/wp\/v2\/users\/1"}],"replies":[{"embeddable":true,"href":"https:\/\/kariyeryolculugu.com\/blog\/wp-json\/wp\/v2\/comments?post=342"}],"version-history":[{"count":0,"href":"https:\/\/kariyeryolculugu.com\/blog\/wp-json\/wp\/v2\/posts\/342\/revisions"}],"wp:attachment":[{"href":"https:\/\/kariyeryolculugu.com\/blog\/wp-json\/wp\/v2\/media?parent=342"}],"wp:term":[{"taxonomy":"category","embeddable":true,"href":"https:\/\/kariyeryolculugu.com\/blog\/wp-json\/wp\/v2\/categories?post=342"},{"taxonomy":"post_tag","embeddable":true,"href":"https:\/\/kariyeryolculugu.com\/blog\/wp-json\/wp\/v2\/tags?post=342"}],"curies":[{"name":"wp","href":"https:\/\/api.w.org\/{rel}","templated":true}]}}