{"id":370,"date":"2009-01-18T15:49:53","date_gmt":"2009-01-18T12:49:53","guid":{"rendered":"http:\/\/kariyeryolculugu.com\/blog\/2009\/01\/18\/unvan-enflasyonu\/"},"modified":"2009-01-18T15:49:53","modified_gmt":"2009-01-18T12:49:53","slug":"unvan-enflasyonu","status":"publish","type":"post","link":"https:\/\/kariyeryolculugu.com\/blog\/2009\/01\/18\/unvan-enflasyonu\/","title":{"rendered":"\u00dcnvan Enflasyonu"},"content":{"rendered":"<p><!--StartFragment--><\/p>\n<p class=\"MsoNormal\"><span style=\"font-size: 10pt; font-family: Tahoma;\">Krizle birlikte \u00fcnvan enflasyonu ya<\/span><span style=\"font-size: 10pt;\">\u015f<\/span><span style=\"font-size: 10pt; font-family: Tahoma;\">anacak deniyor. Kesinlikle kat\u0131l\u0131yorum ama T\u00fcrkiye\u2019de zaten \u00fcnvan enflasyonu kriz \u00f6ncesinde de mevcuttu.<\/span><\/p>\n<p class=\"MsoNormal\"><span style=\"font-size: 10pt; font-family: Tahoma;\">Bu aralar daha s\u0131k g\u00f6rd\u00fc<\/span><span style=\"font-size: 10pt;\">\u011f<\/span><span style=\"font-size: 10pt; font-family: Tahoma;\">\u00fcm\u00fcz durumlar <\/span><span style=\"font-size: 10pt;\">\u015f<\/span><span style=\"font-size: 10pt; font-family: Tahoma;\">\u00f6yle:<\/span><\/p>\n<p class=\"MsoNormal\"><span style=\"font-size: 10pt; font-family: Tahoma;\">\u201cPara yerine \u00fcnvan versek?\u201d<\/span><\/p>\n<p class=\"MsoNormal\"><span style=\"font-size: 10pt; font-family: Tahoma;\">\u201cSizi kutluyoruz terfi ettiniz. Sadece ge\u00e7en y\u0131l ald\u0131<\/span><span style=\"font-size: 10pt;\">\u011f<\/span><span style=\"font-size: 10pt; font-family: Tahoma;\">\u0131n\u0131z \u00fccret de<\/span><span style=\"font-size: 10pt;\">\u011f<\/span><span style=\"font-size: 10pt; font-family: Tahoma;\">i<\/span><span style=\"font-size: 10pt;\">\u015f<\/span><span style=\"font-size: 10pt; font-family: Tahoma;\">meyecek!\u201d<\/span><\/p>\n<p class=\"MsoNormal\"><span style=\"font-size: 10pt; font-family: Tahoma;\">Bir de bak\u0131n T\u00fcrkiyem\u2019deki tek bir <\/span><span style=\"font-size: 10pt;\">\u015f<\/span><span style=\"font-size: 10pt; font-family: Tahoma;\">irketin sahip oldu<\/span><span style=\"font-size: 10pt;\">\u011f<\/span><span style=\"font-size: 10pt; font-family: Tahoma;\">u engin Genel M\u00fcd\u00fcr say\u0131s\u0131na. Ben anlam veremiyorum, bir <\/span><span style=\"font-size: 10pt;\">\u015f<\/span><span style=\"font-size: 10pt; font-family: Tahoma;\">irkette nas\u0131l bir s\u00fcr\u00fc Genel M\u00fcd\u00fcr olur\u2026 Nas\u0131l bir organizasyonel yap\u0131d\u0131r, bir komedidir gidiyor bana kal\u0131rsa. Genel M\u00fcd\u00fcr Yard\u0131mc\u0131lar\u0131 ya da Direkt\u00f6r denen kavramlar vard\u0131r; ya da Icra Kurullar\u0131, Y\u00f6netim Kurullar\u0131 vard\u0131r ama egomuz yeterince ok<\/span><span style=\"font-size: 10pt;\">\u015f<\/span><span style=\"font-size: 10pt; font-family: Tahoma;\">anm\u0131yor olsa gerek ki kafas\u0131na esen belki de kendini Genel M\u00fcd\u00fcr ilan ediyor!<\/span><\/p>\n<p class=\"MsoNormal\"><span style=\"font-size: 10pt; font-family: Tahoma;\">Ilgin\u00e7 \u00fcnvanlardan baz\u0131s\u0131<\/span><span style=\"font-size: 10pt; font-family: Tahoma;\">:<\/span><\/p>\n<p class=\"MsoNormal\"><span style=\"font-size: 10pt; font-family: Tahoma;\">Kurumsal <\/span><span style=\"font-size: 10pt;\">\u0130<\/span><span style=\"font-size: 10pt; font-family: Tahoma;\">leti<\/span><span style=\"font-size: 10pt;\">\u015f<\/span><span style=\"font-size: 10pt; font-family: Tahoma;\">imden Sorumlu Genel M\u00fcd\u00fcr<\/span><\/p>\n<p class=\"MsoNormal\"><span style=\"font-size: 10pt; font-family: Tahoma;\">Sat\u0131<\/span><span style=\"font-size: 10pt;\">\u015f<\/span><span style=\"font-size: 10pt; font-family: Tahoma;\">lardan Sorumlu Genel M\u00fcd\u00fcr<\/span><\/p>\n<p class=\"MsoNormal\"><span style=\"font-size: 10pt; font-family: Tahoma;\">T\u00fcketici ve <\/span><span style=\"font-size: 10pt; font-family: TrebuchetMS;\">\u0130<\/span><span style=\"font-size: 10pt; font-family: Tahoma;\">nternet Servisleri Genel M\u00fcd\u00fcr\u00fc<\/span><\/p>\n<p class=\"MsoNormal\"><span style=\"font-size: 10pt; font-family: Tahoma;\">Belki de T\u00fcrkiye\u2019de i<\/span><span style=\"font-size: 10pt;\">\u015f<\/span><span style=\"font-size: 10pt; font-family: Tahoma;\">letmelerin temel sorunu organizasyonel yap\u0131y\u0131 kuram\u0131yor olmalar\u0131d\u0131r. Bir <\/span><span style=\"font-size: 10pt;\">\u015f<\/span><span style=\"font-size: 10pt; font-family: Tahoma;\">irketin bir tek Genel M\u00fcd\u00fcr\u00fc olur. Yani <\/span><span style=\"font-size: 10pt;\">\u015f<\/span><span style=\"font-size: 10pt; font-family: Tahoma;\">irketler tek ba<\/span><span style=\"font-size: 10pt;\">\u015f<\/span><span style=\"font-size: 10pt; font-family: Tahoma;\">l\u0131d\u0131r. De<\/span><span style=\"font-size: 10pt;\">\u011f<\/span><span style=\"font-size: 10pt; font-family: Tahoma;\">ilse, belki de i<\/span><span style=\"font-size: 10pt;\">\u015f<\/span><span style=\"font-size: 10pt; font-family: Tahoma;\">ten \u00e7\u0131kartmalara alt, orta kademelerden de<\/span><span style=\"font-size: 10pt;\">\u011f<\/span><span style=\"font-size: 10pt; font-family: Tahoma;\">il de 10 ki<\/span><span style=\"font-size: 10pt;\">\u015f<\/span><span style=\"font-size: 10pt; font-family: Tahoma;\">ilik Genel M\u00fcd\u00fcr kadrosunu olmas\u0131 gerekti<\/span><span style=\"font-size: 10pt;\">\u011f<\/span><span style=\"font-size: 10pt; font-family: Tahoma;\">i gibi teke indirerek ba<\/span><span style=\"font-size: 10pt;\">\u015f<\/span><span style=\"font-size: 10pt; font-family: Tahoma;\">lamak laz\u0131m. Zira \u201ckurum itibar\u0131\u201dn\u0131z ayaklar alt\u0131na al\u0131n\u0131yor profesyonel kitleler taraf\u0131ndan.<\/span><\/p>\n<p class=\"MsoNormal\"><span style=\"font-size: 10pt; font-family: Tahoma;\">\u00dcniversitelerin i<\/span><span style=\"font-size: 10pt;\">\u015f<\/span><span style=\"font-size: 10pt; font-family: Tahoma;\">letme y\u00f6netim b\u00f6l\u00fcmlerinin ara<\/span><span style=\"font-size: 10pt;\">\u015f<\/span><span style=\"font-size: 10pt; font-family: Tahoma;\">t\u0131rma konusu olmaya aday bir konu! Genel M\u00fcd\u00fcr\u2019\u00fcn ne anlama geldi<\/span><span style=\"font-size: 10pt;\">\u011f<\/span><span style=\"font-size: 10pt; font-family: Tahoma;\">inden bir haber \u00fcst d\u00fczey y\u00f6netimler var T\u00fcrkiye\u2019de\u2026 Tek bir konudan sorumlu Genel M\u00fcd\u00fcr, vay can\u0131na! Y\u00f6netsel sorumluluklar\u0131n olmas\u0131 her \u00fcst d\u00fczey yetkilinin kendini GM olarak lanse etmesini gerektirmiyor. T\u00fcrkiye belkide y\u00f6netimde \u00e7\u0131<\/span><span style=\"font-size: 10pt;\">\u011f<\/span><span style=\"font-size: 10pt; font-family: Tahoma;\">\u0131r a\u00e7yordur da haberimiz yoktur\u2026<\/span><\/p>\n<p><!--EndFragment--><\/p>\n","protected":false},"excerpt":{"rendered":"<p>Krizle birlikte \u00fcnvan enflasyonu ya\u015fanacak deniyor. Kesinlikle kat\u0131l\u0131yorum ama T\u00fcrkiye\u2019de zaten \u00fcnvan enflasyonu kriz \u00f6ncesinde de mevcuttu. Bu aralar daha s\u0131k g\u00f6rd\u00fc\u011f\u00fcm\u00fcz durumlar \u015f\u00f6yle: \u201cPara yerine \u00fcnvan versek?\u201d \u201cSizi kutluyoruz terfi ettiniz. Sadece ge\u00e7en y\u0131l ald\u0131\u011f\u0131n\u0131z \u00fccret de\u011fi\u015fmeyecek!\u201d Bir de bak\u0131n T\u00fcrkiyem\u2019deki tek bir \u015firketin sahip oldu\u011fu engin Genel M\u00fcd\u00fcr say\u0131s\u0131na. Ben anlam veremiyorum, bir [&hellip;]<\/p>\n","protected":false},"author":1,"featured_media":0,"comment_status":"open","ping_status":"closed","sticky":false,"template":"","format":"standard","meta":{"_exactmetrics_skip_tracking":false,"_exactmetrics_sitenote_active":false,"_exactmetrics_sitenote_note":"","_exactmetrics_sitenote_category":0,"_s2mail":"","footnotes":""},"categories":[41,80],"tags":[],"views":17408,"_links":{"self":[{"href":"https:\/\/kariyeryolculugu.com\/blog\/wp-json\/wp\/v2\/posts\/370"}],"collection":[{"href":"https:\/\/kariyeryolculugu.com\/blog\/wp-json\/wp\/v2\/posts"}],"about":[{"href":"https:\/\/kariyeryolculugu.com\/blog\/wp-json\/wp\/v2\/types\/post"}],"author":[{"embeddable":true,"href":"https:\/\/kariyeryolculugu.com\/blog\/wp-json\/wp\/v2\/users\/1"}],"replies":[{"embeddable":true,"href":"https:\/\/kariyeryolculugu.com\/blog\/wp-json\/wp\/v2\/comments?post=370"}],"version-history":[{"count":0,"href":"https:\/\/kariyeryolculugu.com\/blog\/wp-json\/wp\/v2\/posts\/370\/revisions"}],"wp:attachment":[{"href":"https:\/\/kariyeryolculugu.com\/blog\/wp-json\/wp\/v2\/media?parent=370"}],"wp:term":[{"taxonomy":"category","embeddable":true,"href":"https:\/\/kariyeryolculugu.com\/blog\/wp-json\/wp\/v2\/categories?post=370"},{"taxonomy":"post_tag","embeddable":true,"href":"https:\/\/kariyeryolculugu.com\/blog\/wp-json\/wp\/v2\/tags?post=370"}],"curies":[{"name":"wp","href":"https:\/\/api.w.org\/{rel}","templated":true}]}}