{"id":385,"date":"2009-04-05T10:49:04","date_gmt":"2009-04-05T07:49:04","guid":{"rendered":"http:\/\/kariyeryolculugu.com\/blog\/2009\/04\/05\/bizdeki-y-jenerasyonu-duydugunuz-bildiginizden-farkli-olursa\/"},"modified":"2009-04-05T10:49:04","modified_gmt":"2009-04-05T07:49:04","slug":"bizdeki-y-jenerasyonu-duydugunuz-bildiginizden-farkli-olursa","status":"publish","type":"post","link":"https:\/\/kariyeryolculugu.com\/blog\/2009\/04\/05\/bizdeki-y-jenerasyonu-duydugunuz-bildiginizden-farkli-olursa\/","title":{"rendered":"Bizdeki Y Jenerasyonu Duydu\u011funuz, Bildi\u011finizden Farkl\u0131 Olursa"},"content":{"rendered":"<p><span style=\"font-family: tahoma; font-size: 13px;\">T\u00fcrkiye\u2019deki 20\u2019likleri Bat\u0131\u2019n\u0131n 20\u2019likleriyle, yani Y Jenerasyonu ile ayn\u0131 k\u00fcfeye koymak ne kadar do\u011fru bilemiyorum. Yakla\u015f\u0131k 3000 ki\u015fi aras\u0131nda yapt\u0131\u011f\u0131m amat\u00f6rce bir \u00e7al\u0131\u015fma, T\u00fcrkiye\u2019deki Y ku\u015fa\u011f\u0131 gen\u00e7li\u011finin geli\u015fen internet teknolojilerinin fark\u0131nda olmad\u0131\u011f\u0131n\u0131, bundan da \u00f6te basit bilgisayar programlar\u0131n\u0131 kullanma konusunda dahi temel bilgiye sahip olmad\u0131\u011f\u0131n\u0131 g\u00f6steriyor.<\/span><\/p>\n<p class=\"MsoNormal\"><span style=\"font-size: 10pt; font-family: tahoma;\">Bunun \u00fczerine, ge\u00e7en ay kat\u0131ld\u0131\u011f\u0131m bir\u00a0<a title=\"etohum, burak buyukdemir, e-tohum\" href=\"http:\/\/www.etohum.com\/\" target=\"_blank\">e-tohum toplant\u0131s\u0131<\/a> bende \u015fu d\u00fc\u015f\u00fcnceyi do\u011furdu: <strong>Ki\u015fiyi do\u011fdu\u011fu seneye bakarak kategorize etmek ger\u00e7ek\u00e7i bir tan\u0131mlama olabilir mi?<\/strong> Baby boomer jenerasyonu i\u00e7inde olan bir k\u0131s\u0131m, geli\u015fen teknolojileri bir Y jenerasyonundan daha iyi takip edebiliyor. Heyecan\u0131 ve tutkusu \u00e7ok daha y\u00fcksek olabiliyor. Etraftaki Y jenerasyonuna bakt\u0131\u011f\u0131mda, evet belli bir kitle yeniliklere a\u00e7\u0131k, teknolojinin getirdi\u011fi hayat de\u011fi\u015fikli\u011fini ya\u015fayan, takip eden, geli\u015fmelere yak\u0131n\u2026Ama <strong>bir dolu Y jenerasyonu mensubu ise bu geli\u015fmelerden tamamen bir haber. <\/strong>Blog nedir duymu\u015f olan, ama ne oldu\u011funu tam olarak da anlayamayan, nas\u0131l \u00e7al\u0131\u015ft\u0131\u011f\u0131n\u0131 dahi bilmeyen bir Y jenerasyonu da var ortal\u0131kta. Hem de az buz say\u0131larda de\u011fil. Facebook haricinde sosyal medya ara\u00e7lar\u0131 nedir tan\u0131mlayamayan ve ba\u015fka bir arac\u0131 da kullanmayan bir Y jenerasyonu var T\u00fcrkiye\u2019de\u2026<\/span><\/p>\n<p class=\"MsoNormal\"><span style=\"font-size: 10pt; font-family: Tahoma;\"><strong>Geli\u015fmeleri takip edebilmek bir yetenek olsa gerek. Tutku, ilgi, merak ve ki\u015filik yap\u0131s\u0131yla ilgili olsa gerek.<\/strong> X ku\u015fa\u011f\u0131n\u0131n nas\u0131l geli\u015fmelerden uzak bir dolu mensubu varsa, ayn\u0131 zamanda geli\u015fmelere a\u00e7\u0131k, Y ku\u015fa\u011f\u0131ndan daha iyi geli\u015fmeleri takip edebilen, hatta geli\u015fmelerin birebir i\u00e7inde olan ve onu yaratan X ku\u015fa\u011f\u0131 \u00fcyeleri de var.<\/span><\/p>\n<p class=\"MsoNormal\"><span style=\"font-size: 10pt; font-family: Tahoma;\"><strong>Ku\u015faklar\u0131 genellemenin \u015firket i\u00e7erisinde sorun yaratabilecek bir durum oldu\u011funa inan\u0131yorum.<\/strong> Y\u2019li olup da Y\u2019li gibi davranmayanlar\u0131 farkedebilmek \u00f6nemli. X\u2019li olup da X\u2019li gibi davranmayan ve d\u00fc\u015f\u00fcnmeyenleri farkedebilmek de \u00f6nemli. \u015eirketlere verilen e\u011fitimler, mutlaka \u015firket \u00e7al\u0131\u015fanlar\u0131n\u0131n resmi \u00e7\u0131kart\u0131larak ve genellemelerden uzak tasarlanmal\u0131.<\/span><\/p>\n<p class=\"MsoNormal\"><span style=\"font-size: 10pt; font-family: Tahoma;\"><a href=\"http:\/\/kariyeryolculugu.com\/blog\/2009\/03\/26\/yoneticileri-korkutan-gunu-yakalayamadiklarini-kabul-etmek-zorunda-olduklari-mi\/\">Bir \u00f6nceki yaz\u0131mda, y\u00f6neticilere \u00f6z ele\u015ftiri de bulunmalar\u0131n\u0131 \u00f6nermi\u015ftim.<\/a> Dolay\u0131s\u0131yla, bu durumda ayn\u0131 \u015feyi y jenerasyonuna da \u00f6nermek do\u011fru olur.<\/span><\/p>\n<p class=\"MsoNormal\"><span style=\"font-size: 10pt; font-family: Tahoma;\">Y jenerasyonu y\u00f6neticilerini be\u011fenmiyor, kritik ediyor, daha fazlas\u0131n\u0131 istiyor. Ger\u00e7i bu durum jenerasyon fark\u0131 g\u00f6zetmeksizin sanki T\u00fcrkiye\u2019nin ortak sorunu. Kimse kimseyi pek be\u011fenmeme hep kendini be\u011fenme e\u011filiminde. Evet, bir genelleme bu s\u00f6ylem ve dolay\u0131s\u0131yla istisnalar kaideyi de bozmaz. Ancak, y\u00f6neticilerin de sorumluluklar\u0131 belli.<span> <\/span>Y\u00f6netici olmaya \u00e7al\u0131\u015fanlar\u0131n da sorumluluklar\u0131 belli. Her 20\u2019li ya\u015f\u0131nda olan, yeterli yetkinli\u011fi olmad\u0131\u011fi halde y\u00fckselmek istiyor. MBA yapt\u0131 diye \u00fcnvan\u0131 arts\u0131n istiyor, Detayc\u0131 bir \u00e7al\u0131\u015fan olmaktan kurtulamad\u0131\u011f\u0131 halde yetki alan\u0131 geni\u015fletilsin istiyor. Sadece kendi konusunu g\u00f6rebildi\u011fi ve b\u00fcy\u00fck resmi pek de anlamad\u0131\u011f\u0131 halde y\u00f6netsin istiyor. Bilgili de\u011fil bilmi\u015f olmay\u0131 marifet san\u0131yor. D\u00fcnyan\u0131n de\u011fi\u015fen i\u015f ya\u015fam\u0131 dengelerinden ve geli\u015fmelerden bir haber oldu\u011fu halde, kendi k\u0131s\u0131tl\u0131 konusu d\u0131\u015f\u0131nda bir\u015fey d\u00fc\u015f\u00fcnemiyor.<\/span><\/p>\n<p class=\"MsoNormal\"><span style=\"font-size: 10pt; font-family: Tahoma;\">Y\u00f6neticilerinden \u015fikayet\u00e7i olan y jenerasyonunun d\u00f6n\u00fcp kendi tutum ve davran\u0131\u015flar\u0131n\u0131 g\u00f6zden ge\u00e7irmesi, belki de sorunun bir b\u00f6l\u00fcm\u00fcn\u00fcn kendisinde oldu\u011funu g\u00f6rmesine yard\u0131mc\u0131 olur. Sonu\u00e7ta, y\u00f6neticilerinden \u015fikayet eden \u00e7al\u0131\u015fanlar \u201cmanaging up\u201d dedi\u011fimiz, y\u00f6neticilerini y\u00f6netmeyi ba\u015faramayanlar ayn\u0131 zamanda. <a style=\"text-decoration: none;\" href=\"http:\/\/kariyeryolculugu.com\/blog\/2007\/06\/07\/yoneticinizi-yonetmeyi-ogrenmelisiniz\/\">T\u00fcrkiye\u2019de y\u00f6neticiyi y\u00f6netmenin en \u00f6nemli yetkinliklerden biri oldu\u011fu anlay\u0131\u015f\u0131na sahip ka\u00e7 \u00e7al\u0131\u015fan vard\u0131r acaba?<\/a><\/span><\/p>\n<p><!--EndFragment--><\/p>\n","protected":false},"excerpt":{"rendered":"<p>T\u00fcrkiye\u2019deki 20\u2019likleri Bat\u0131\u2019n\u0131n 20\u2019likleriyle, yani Y Jenerasyonu ile ayn\u0131 k\u00fcfeye koymak ne kadar do\u011fru bilemiyorum. Yakla\u015f\u0131k 3000 ki\u015fi aras\u0131nda yapt\u0131\u011f\u0131m amat\u00f6rce bir \u00e7al\u0131\u015fma, T\u00fcrkiye\u2019deki Y ku\u015fa\u011f\u0131 gen\u00e7li\u011finin geli\u015fen internet teknolojilerinin fark\u0131nda olmad\u0131\u011f\u0131n\u0131, bundan da \u00f6te basit bilgisayar programlar\u0131n\u0131 kullanma konusunda dahi temel bilgiye sahip olmad\u0131\u011f\u0131n\u0131 g\u00f6steriyor. Bunun \u00fczerine, ge\u00e7en ay kat\u0131ld\u0131\u011f\u0131m bir\u00a0e-tohum toplant\u0131s\u0131 bende \u015fu [&hellip;]<\/p>\n","protected":false},"author":1,"featured_media":0,"comment_status":"open","ping_status":"closed","sticky":false,"template":"","format":"standard","meta":{"_exactmetrics_skip_tracking":false,"_exactmetrics_sitenote_active":false,"_exactmetrics_sitenote_note":"","_exactmetrics_sitenote_category":0,"_s2mail":"","footnotes":""},"categories":[43,44,50,54,69,70,75,80],"tags":[],"views":21642,"_links":{"self":[{"href":"https:\/\/kariyeryolculugu.com\/blog\/wp-json\/wp\/v2\/posts\/385"}],"collection":[{"href":"https:\/\/kariyeryolculugu.com\/blog\/wp-json\/wp\/v2\/posts"}],"about":[{"href":"https:\/\/kariyeryolculugu.com\/blog\/wp-json\/wp\/v2\/types\/post"}],"author":[{"embeddable":true,"href":"https:\/\/kariyeryolculugu.com\/blog\/wp-json\/wp\/v2\/users\/1"}],"replies":[{"embeddable":true,"href":"https:\/\/kariyeryolculugu.com\/blog\/wp-json\/wp\/v2\/comments?post=385"}],"version-history":[{"count":0,"href":"https:\/\/kariyeryolculugu.com\/blog\/wp-json\/wp\/v2\/posts\/385\/revisions"}],"wp:attachment":[{"href":"https:\/\/kariyeryolculugu.com\/blog\/wp-json\/wp\/v2\/media?parent=385"}],"wp:term":[{"taxonomy":"category","embeddable":true,"href":"https:\/\/kariyeryolculugu.com\/blog\/wp-json\/wp\/v2\/categories?post=385"},{"taxonomy":"post_tag","embeddable":true,"href":"https:\/\/kariyeryolculugu.com\/blog\/wp-json\/wp\/v2\/tags?post=385"}],"curies":[{"name":"wp","href":"https:\/\/api.w.org\/{rel}","templated":true}]}}