{"id":4524,"date":"2010-08-23T00:57:10","date_gmt":"2010-08-22T21:57:10","guid":{"rendered":"http:\/\/kariyeryolculugu.com\/blog\/?p=737"},"modified":"2010-08-23T00:57:10","modified_gmt":"2010-08-22T21:57:10","slug":"istatistiklere-inanmayin-istatistiksiz-kalmayin","status":"publish","type":"post","link":"https:\/\/kariyeryolculugu.com\/blog\/2010\/08\/23\/istatistiklere-inanmayin-istatistiksiz-kalmayin\/","title":{"rendered":"\u0130statistiklere \u0130nanmay\u0131n. \u0130statistiksiz Kalmay\u0131n."},"content":{"rendered":"<p><strong><a title=\"fatmanur erdogan, kariyer yolculugu\" href=\"http:\/\/www.kariyeryolculugu.com\" target=\"_blank\">kariyeryolculugu.com. <\/a><\/strong>T\u00fcrkiye\u2019de ilk kez b\u00fct\u00fcn \u00fcniversiteleri kapsayan \u201c\u00dcniversite \u00f6\u011frencilerinin en be\u011fendi\u011fi \u015firketler\u201d ara\u015ft\u0131rmas\u0131n\u0131 Capital dergisi ger\u00e7ekle\u015ftirmi\u015f. \u00a0Raporu okumad\u0131m ama <a title=\"yaprak ozer, fatmanur erdogan\" href=\"http:\/\/yaprakozer.com\/2010\/08\/13\/gencler-ne-istiyor-sirketler-ne-veriyor\/?sms_ss=facebook\" target=\"_blank\">Yaprak \u00d6zer yazm\u0131\u015f<\/a>: &#8216;Ya\u015flar\u0131 18-22 aras\u0131nda de\u011fi\u015fen gen\u00e7ler, para m\u0131 yoksa kariyer vaadinin mi daha \u00e7ok motive etti\u011fini, i\u015f ya\u015fam\u0131ndan neler beklediklerini, hangi sekt\u00f6r ve \u015firketleri kendilerine yak\u0131n hissettiklerini ortaya koydular.&#8217;<\/p>\n<p><strong><a rel=\"attachment wp-att-738\" href=\"http:\/\/kariyeryolculugu.com\/blog\/2010\/08\/23\/istatistiklere-inanmayin-istatistiksiz-kalmayin\/reputation\/\"><img loading=\"lazy\" decoding=\"async\" class=\"alignleft\" title=\"reputation\" src=\"http:\/\/kariyeryolculugu.com\/blog\/wp-content\/uploads\/2010\/08\/reputation.jpg\" alt=\"reputation\" width=\"214\" height=\"159\" \/><\/a><\/strong>Raporda \u015firketlerin hangi fakt\u00f6rlere g\u00f6re tercih edildi\u011fi \u015f\u00f6yle s\u0131ralanm\u0131\u015f: \u00dccret ve kariyer olanaklar\u0131 (% 41); G\u00f6rsel kimli\u011fi (%9); \u00dcr\u00fcn ve hizmetleri (%8); Kurum k\u00fclt\u00fcr\u00fc (%7); Rekabet\u00e7i konumu (%5).<\/p>\n<p>Bu, son 5 y\u0131ld\u0131r \u0130K y\u00f6neticilerinin &#8216;art\u0131k gen\u00e7ler paraya bakm\u0131yor&#8217; s\u00f6ylemini yerle bir ediyor. \u00a0Yaprak \u00d6zer demi\u015f ki &#8216;T\u00fcrkiye\u2019de de art\u0131k i\u015f arayanlar maa\u015f\u0131n d\u0131\u015f\u0131nda fakt\u00f6rlere bak\u0131yorlar.&#8217; Bu yorumu ben bu istatistiklerden \u00e7\u0131kartam\u0131yorum tam olarak. Kestirmesi zor hangi y\u00fczde \u00fccret hangi y\u00fczde kariyer olanaklar\u0131n\u0131 g\u00f6steriyor&#8230;<\/p>\n<p>E\u011fer yeni mezunlar \u015firket se\u00e7erken sadece ve ilk \u00f6nce paraya bak\u0131yorlarsa i\u00e7imden &#8216;\u0131skalad\u0131klar\u0131 \u00e7ok \u015fey var&#8217; demek geliyor. \u00a0Ayn\u0131 zamanda bir bildikleri vard\u0131r herhalde demeden de edemiyorum&#8230; Kendi de\u011ferlerinin daha bir fark\u0131nda olabilirler mi? \u00dc\u00e7 kuru\u015fa geceli g\u00fcnd\u00fczl\u00fc \u00e7al\u0131\u015fmak mant\u0131kl\u0131 gelmiyor olabilir mi? \u015eirketlere de\u011fi\u015fmeleri gerekti\u011fini, eme\u011fe sayg\u0131 arad\u0131klar\u0131n\u0131 s\u00f6yl\u00fcyor olabilirler mi?<\/p>\n<p>\u0130\u015fe girerken \u015firketlerin kariyer olanaklar\u0131na bakt\u0131\u011f\u0131n\u0131 s\u00f6yleyen gen\u00e7ler acaba bu s\u00f6ylemden ne kastediyor? <strong>Ben derim ki, kendine ve potansiyeline g\u00fcvenenler, kariyer olanaklar\u0131n\u0131 kendileri yarat\u0131rlar; kariyer \u015firketlerin bizlere verdi\u011fi bir olanak de\u011fildir. Bir de bu y\u00f6nden d\u00fc\u015f\u00fcnmenizi \u00f6neririm.<\/strong><em><strong><br \/>\n<\/strong> <\/em><\/p>\n","protected":false},"excerpt":{"rendered":"<p>kariyeryolculugu.com. T\u00fcrkiye\u2019de ilk kez b\u00fct\u00fcn \u00fcniversiteleri kapsayan \u201c\u00dcniversite \u00f6\u011frencilerinin en be\u011fendi\u011fi \u015firketler\u201d ara\u015ft\u0131rmas\u0131n\u0131 Capital dergisi ger\u00e7ekle\u015ftirmi\u015f. \u00a0Raporu okumad\u0131m ama Yaprak \u00d6zer yazm\u0131\u015f: &#8216;Ya\u015flar\u0131 18-22 aras\u0131nda de\u011fi\u015fen gen\u00e7ler, para m\u0131 yoksa kariyer vaadinin mi daha \u00e7ok motive etti\u011fini, i\u015f ya\u015fam\u0131ndan neler beklediklerini, hangi sekt\u00f6r ve \u015firketleri kendilerine yak\u0131n hissettiklerini ortaya koydular.&#8217; Raporda \u015firketlerin hangi fakt\u00f6rlere g\u00f6re [&hellip;]<\/p>\n","protected":false},"author":1,"featured_media":0,"comment_status":"open","ping_status":"closed","sticky":false,"template":"","format":"standard","meta":{"_exactmetrics_skip_tracking":false,"_exactmetrics_sitenote_active":false,"_exactmetrics_sitenote_note":"","_exactmetrics_sitenote_category":0,"_s2mail":"","footnotes":""},"categories":[57],"tags":[],"views":3019,"_links":{"self":[{"href":"https:\/\/kariyeryolculugu.com\/blog\/wp-json\/wp\/v2\/posts\/4524"}],"collection":[{"href":"https:\/\/kariyeryolculugu.com\/blog\/wp-json\/wp\/v2\/posts"}],"about":[{"href":"https:\/\/kariyeryolculugu.com\/blog\/wp-json\/wp\/v2\/types\/post"}],"author":[{"embeddable":true,"href":"https:\/\/kariyeryolculugu.com\/blog\/wp-json\/wp\/v2\/users\/1"}],"replies":[{"embeddable":true,"href":"https:\/\/kariyeryolculugu.com\/blog\/wp-json\/wp\/v2\/comments?post=4524"}],"version-history":[{"count":0,"href":"https:\/\/kariyeryolculugu.com\/blog\/wp-json\/wp\/v2\/posts\/4524\/revisions"}],"wp:attachment":[{"href":"https:\/\/kariyeryolculugu.com\/blog\/wp-json\/wp\/v2\/media?parent=4524"}],"wp:term":[{"taxonomy":"category","embeddable":true,"href":"https:\/\/kariyeryolculugu.com\/blog\/wp-json\/wp\/v2\/categories?post=4524"},{"taxonomy":"post_tag","embeddable":true,"href":"https:\/\/kariyeryolculugu.com\/blog\/wp-json\/wp\/v2\/tags?post=4524"}],"curies":[{"name":"wp","href":"https:\/\/api.w.org\/{rel}","templated":true}]}}