{"id":5509,"date":"2018-11-12T08:37:39","date_gmt":"2018-11-12T05:37:39","guid":{"rendered":"https:\/\/kariyeryolculugu.com\/blog\/?p=5509"},"modified":"2018-11-12T08:52:30","modified_gmt":"2018-11-12T05:52:30","slug":"gazeteciler-prci-olursa","status":"publish","type":"post","link":"https:\/\/kariyeryolculugu.com\/blog\/2018\/11\/12\/gazeteciler-prci-olursa\/","title":{"rendered":"Gazeteciler, PR&#8217;c\u0131 Olursa&#8230;"},"content":{"rendered":"<p>\u015eirketler kurumsal ileti\u015fim fonksiyonunu gazetecilik mesle\u011fi sand\u0131. \u015eirket haberlerinin gazetelerde olumlu \u00e7\u0131kmas\u0131n\u0131 sa\u011flamaktan ibaret sand\u0131. Kurumsal ileti\u015fim koltuklar\u0131 gazetecilerle doldu. Gazeteci olanlar da, gazetelerde pr&#8217;c\u0131l\u0131k yapt\u0131. Gazeteciler pr \u015firketi kurdu. \u015eirketler stratejiden uzak, pr kokan gelenekselci ve kurum stratejisine hizmet etmeyen, fikir bazl\u0131 etkisi olmayan i\u015flerle doldu.<\/p>\n<p><a href=\"https:\/\/www.haberturk.com\/htyazar\/fatih-altayli-1001#\">Fatih Altayl\u0131&#8217;n\u0131n 11 Kas\u0131m 2018<\/a> tarihli yaz\u0131s\u0131 \u015f\u00f6yle diyor:<\/p>\n<blockquote><p><strong>MEDYA VE PR FAAL\u0130YETLER\u0130<\/strong><\/p>\n<p>Demir\u00f6ren Medya Grubu\u2019nun ba\u015f\u0131ndaki Sevgili Mehmet Soysal\u2019la tan\u0131\u015f\u0131kl\u0131\u011f\u0131m\u0131z \u00e7ok uzun y\u0131llara dayan\u0131r.<br \/>\nSoysal\u2019\u0131n T\u00fcrkiye Gazetesi\u2019nde gen\u00e7 bir gazeteci oldu\u011fu y\u0131llara.<br \/>\nNe\u015feli, rahat, birlikte \u00e7\u0131kt\u0131\u011f\u0131m\u0131z seyahatlerde iyi ve e\u011flenceli bir seyahat arkada\u015f\u0131 olarak tan\u0131r\u0131m kendisini.<br \/>\nMehmet Soysal, Demir\u00f6ren Ailesi Milliyet\u2019i ald\u0131\u011f\u0131ndan bu yana grubun en tepe y\u00f6neticisi.<br \/>\n\u015eimdi H\u00fcrriyet\u2019inden Kanal D\u2019sine b\u00fcy\u00fcyen medya grubunu da o y\u00f6netiyor.<br \/>\nVe ilgin\u00e7tir, k\u00f6\u015fesini daha etkili bir gazete olarak bilinen H\u00fcrriyet\u2019e ta\u015f\u0131mad\u0131, hala Milliyet\u2019te yaz\u0131yor.<br \/>\nSoysal son yaz\u0131s\u0131nda \u201cMedya ile reklamverenler aras\u0131ndaki\u201d PR ili\u015fkisine de\u011finmi\u015f.<br \/>\nSon derece yerinde bir yaz\u0131.<\/p>\n<p>Medya ile reklamveren \u015firketler aras\u0131nda elbette i\u015f ortakl\u0131\u011f\u0131ndan kaynaklanan yak\u0131n ili\u015fkiler olu\u015fuyor.<br \/>\nAncak son y\u0131llarda bu ili\u015fkinin \u00f6l\u00e7\u00fcs\u00fcn\u00fcn ka\u00e7t\u0131\u011f\u0131n\u0131, ili\u015fkinin kurumsal olmaktan uzakla\u015farak, neredeyse baz\u0131 gazetecilerin reklamverenlerin ve kimi PR ajanslar\u0131n\u0131n temsilcisi haline geldi\u011fini g\u00f6r\u00fcyoruz.<br \/>\n\u015eirket gezilerine kat\u0131lmaktan neredeyse gazetenin yolunu unutan, kendileri PR ajans\u0131na d\u00f6n\u00fc\u015fen gazeteciler g\u00f6r\u00fcyoruz. \u00d6yle az ay\u0131da falan da de\u011fil.<\/p>\n<p>Deme\u00e7 gazetecili\u011finin de \u00f6n\u00fcne ge\u00e7mi\u015f bir \u201cTan\u0131t\u0131m gazetecili\u011fi\u201d d\u00f6nemi ya\u015fan\u0131yor.<br \/>\nElbette i\u00e7inde haber var ise geziye kat\u0131l\u0131n\u0131r.<br \/>\nAma bir \u015fartla.<br \/>\nGereken sorular var ise onlar da sorulur.<br \/>\nAncak siyaset\u00e7ilere soru sorma al\u0131\u015fkanl\u0131\u011f\u0131n\u0131 kaybeden gazeteciler art\u0131k i\u015f d\u00fcnyas\u0131na da soru sormuyor, onlar\u0131n tan\u0131t\u0131m arac\u0131 olmaktan \u00f6te bir i\u015flev sergilemiyorlar.<br \/>\nHepsinden beteri, kimi gazeteciler ile kimi reklamverenler aras\u0131nda \u201cTamamen duygusal\u201d ili\u015fkiler ba\u015flad\u0131\u011f\u0131 konu\u015fuluyor etrafta.<\/p>\n<p>Ben kendi ad\u0131ma Sabah Gazetesinin genel yay\u0131n y\u00f6netmeni oldu\u011fum d\u00f6nemde bu tarz \u201cBele\u015f\u201d gezilere kat\u0131l\u0131m\u0131 yasaklam\u0131\u015f, bu t\u00fcr davetlere ancak gezinin i\u00e7eri\u011fiin haber de\u011feri ta\u015f\u0131mas\u0131 ve muhabir veya yazar\u0131m\u0131n masraflar\u0131n\u0131n gazetem taraf\u0131ndan \u00f6denmesi ko\u015fuluyla izin vermi\u015ftim.<br \/>\nNe yaz\u0131k ki, Habert\u00fcrk\u2019te medyay\u0131 saran bu duruma kar\u015f\u0131 duramad\u0131k ama yine de baz\u0131 kriterler getirdik.<br \/>\nBu y\u00fczden de Mehmet Soysal\u2019\u0131n bu durumu ele\u015ftiren yaz\u0131s\u0131n\u0131 \u00e7ok \u00f6nemli buldum.<br \/>\nBu yaz\u0131 Demir\u00f6ren Grubu&#8217;nun kendi b\u00fcnyelerini de saran bu hastal\u0131\u011fa ve medya \u00fczerine d\u00fc\u015f\u00fcrd\u00fc\u011f\u00fc bu g\u00f6lgeye kar\u015f\u0131 bir \u00f6nlem almak istedi\u011fini d\u00fc\u015f\u00fcnd\u00fcrd\u00fc bana.<br \/>\nTabii nereden ba\u015flayaca\u011f\u0131n\u0131 \u00e7ok merak ediyorum.<br \/>\nTepeden mi, yoksa a\u015fa\u011f\u0131dan m\u0131!<\/p><\/blockquote>\n<p>Demir\u00f6ren Grubu&#8217;nun en tepe y\u00f6neticisi Mehmet Soysal ise <a href=\"http:\/\/www.milliyet.com.tr\/yazarlar\/mehmet-soysal\/kaybedenler-kulubu-mu--2775787\/\">10.11.2018 tarihli yaz\u0131s\u0131nda \u015f\u00f6yle demi\u015f<\/a>:<\/p>\n<blockquote>\n<div><span style=\"font-size: 12pt;\">Son birka\u00e7 yaz\u0131m\u0131zda geleneksel medyan\u0131n gelip durdu\u011fu yeri anlatmaya \u00e7al\u0131\u015ft\u0131k.<\/span><\/div>\n<p><span style=\"font-size: 12pt;\">Pahal\u0131 i\u00e7erikl<\/span>e \u00fccretsiz eri\u015fim pozisyonunu bir t\u00fcrl\u00fc bozamayan medya, her ge\u00e7en g\u00fcn bozulan bilan\u00e7olar\u0131yla kendi psikolojisini de bozacak.<\/p>\n<p>Bozulduk\u00e7a, giderlerini k\u0131sacak.<\/p>\n<p>\u00c7\u00fcnk\u00fc ba\u015fka yolu yok.<\/p>\n<p>Peki, bu hale neden d\u00fc\u015ft\u00fck?<\/p>\n<p>Reklam ve piar ajanslar\u0131 geleneksel medya kurulu\u015flar\u0131n\u0131 neredeyse esir alm\u0131\u015f.<\/p>\n<p>\u015eirketlerin tek muhatab\u0131 ajanslar\u0131d\u0131r, yani geleneksel medya kurulu\u015flar\u0131 ve y\u00f6netimleri de\u011fildir.<\/p>\n<p>Paran\u0131n efendileri ajanslar\u0131 \u00fczerinden medyay\u0131 dizayn ediyor.<\/p>\n<p><strong>\u201cReklam yani para veriyoruz\u201d<\/strong>\u00a0diyerek geleneksel medyan\u0131n mutfa\u011f\u0131na girildi\u011fi g\u00fcnden beri bu s\u00fcre\u00e7 ba\u015flam\u0131\u015ft\u0131r ve medya kurulu\u015flar\u0131 \u015firketlerin piar ve reklam haberleriyle esir al\u0131nm\u0131\u015ft\u0131r.<\/p>\n<p>Gazetecileri de \u015firketlerin lansmanlar\u0131yla, gezileriyle, hediyeleriyle arzulad\u0131klar\u0131 noktaya ta\u015f\u0131d\u0131lar.<\/p>\n<p>Paray\u0131 verenin d\u00fcd\u00fc\u011f\u00fc \u00e7ald\u0131\u011f\u0131 bir ortamda ilkeli, d\u00fcr\u00fcst gazetecilik yap\u0131ld\u0131\u011f\u0131 zannedilmeye ba\u015fland\u0131.<\/p>\n<p>Nehri kirleten bir b\u00fcy\u00fck sanayi kurulu\u015funun haberini\u00a0<strong>\u201creklam m\u00fc\u015fterisi\u201d\u00a0<\/strong>diye yapamaz iken, kenarda k\u00f6\u015fede kalan k\u00fc\u00e7\u00fck esnaf\u0131n \u00e7evreye zararlar\u0131yla u\u011fra\u015fan medyan\u0131n bu hale getirilece\u011fi s\u00fcrpriz de\u011fildi.<\/p>\n<p>Halk\u0131n haklar\u0131n\u0131 korudu\u011funu zannederek her g\u00fcn ortal\u0131\u011f\u0131 yang\u0131n yerine \u00e7eviren, siyaseti dizayn etme hastal\u0131\u011f\u0131ndan hi\u00e7 vazge\u00e7meyen medya, olmas\u0131 gereken yeri terk ederken olmamas\u0131 gereken yerde durmaya da \u0131srar etti.<\/p>\n<p>Ve kendi haklar\u0131n\u0131 savunmay\u0131 da unuttu.<\/p>\n<p>Yedi d\u00fcvele meydan okuyan, ak\u0131l veren, ele\u015ftiren medya, internet sitelerine i\u00e7indeki geli\u015fmeleri de ihbar etmeye ba\u015flad\u0131.<\/p>\n<p>\u00c7o\u011fu zaman haysiyet cellatl\u0131\u011f\u0131na, karakter suikast\u00e7\u0131l\u0131\u011f\u0131na soyundu.<\/p>\n<p>Ve inand\u0131r\u0131c\u0131l\u0131\u011f\u0131n\u0131 yitirdi.<\/p>\n<p>Sayg\u0131nl\u0131\u011f\u0131na leke d\u00fc\u015f\u00fcrd\u00fck\u00e7e, kurumlar\u0131n kaybedenler kul\u00fcb\u00fcne do\u011fru gidi\u015fi h\u0131zland\u0131.<\/p><\/blockquote>\n<p>&nbsp;<\/p>\n<p><a href=\"https:\/\/mitpress.mit.edu\/books\/post-truth\">Post Truth, MIT Press,\u00a0<\/a><\/p>\n<p>&nbsp;<\/p>\n","protected":false},"excerpt":{"rendered":"<p>\u015eirketler kurumsal ileti\u015fim fonksiyonunu gazetecilik mesle\u011fi sand\u0131. \u015eirket haberlerinin gazetelerde olumlu \u00e7\u0131kmas\u0131n\u0131 sa\u011flamaktan ibaret sand\u0131. Kurumsal ileti\u015fim koltuklar\u0131 gazetecilerle doldu. Gazeteci olanlar da, gazetelerde pr&#8217;c\u0131l\u0131k yapt\u0131. Gazeteciler pr \u015firketi kurdu. \u015eirketler stratejiden uzak, pr kokan gelenekselci ve kurum stratejisine hizmet etmeyen, fikir bazl\u0131 etkisi olmayan i\u015flerle doldu. Fatih Altayl\u0131&#8217;n\u0131n 11 Kas\u0131m 2018 tarihli yaz\u0131s\u0131 \u015f\u00f6yle [&hellip;]<\/p>\n","protected":false},"author":1,"featured_media":0,"comment_status":"open","ping_status":"open","sticky":false,"template":"","format":"standard","meta":{"_exactmetrics_skip_tracking":false,"_exactmetrics_sitenote_active":false,"_exactmetrics_sitenote_note":"","_exactmetrics_sitenote_category":0,"_s2mail":"","footnotes":""},"categories":[50],"tags":[246,102,244,247,248,125,170,129,250,245,249,146,155],"views":2283,"_links":{"self":[{"href":"https:\/\/kariyeryolculugu.com\/blog\/wp-json\/wp\/v2\/posts\/5509"}],"collection":[{"href":"https:\/\/kariyeryolculugu.com\/blog\/wp-json\/wp\/v2\/posts"}],"about":[{"href":"https:\/\/kariyeryolculugu.com\/blog\/wp-json\/wp\/v2\/types\/post"}],"author":[{"embeddable":true,"href":"https:\/\/kariyeryolculugu.com\/blog\/wp-json\/wp\/v2\/users\/1"}],"replies":[{"embeddable":true,"href":"https:\/\/kariyeryolculugu.com\/blog\/wp-json\/wp\/v2\/comments?post=5509"}],"version-history":[{"count":7,"href":"https:\/\/kariyeryolculugu.com\/blog\/wp-json\/wp\/v2\/posts\/5509\/revisions"}],"predecessor-version":[{"id":5572,"href":"https:\/\/kariyeryolculugu.com\/blog\/wp-json\/wp\/v2\/posts\/5509\/revisions\/5572"}],"wp:attachment":[{"href":"https:\/\/kariyeryolculugu.com\/blog\/wp-json\/wp\/v2\/media?parent=5509"}],"wp:term":[{"taxonomy":"category","embeddable":true,"href":"https:\/\/kariyeryolculugu.com\/blog\/wp-json\/wp\/v2\/categories?post=5509"},{"taxonomy":"post_tag","embeddable":true,"href":"https:\/\/kariyeryolculugu.com\/blog\/wp-json\/wp\/v2\/tags?post=5509"}],"curies":[{"name":"wp","href":"https:\/\/api.w.org\/{rel}","templated":true}]}}