{"id":6127,"date":"2021-08-13T11:24:05","date_gmt":"2021-08-13T08:24:05","guid":{"rendered":"https:\/\/kariyeryolculugu.com\/blog\/?p=6127"},"modified":"2021-08-13T11:24:05","modified_gmt":"2021-08-13T08:24:05","slug":"sosyal-sorumluluk-sarmali","status":"publish","type":"post","link":"https:\/\/kariyeryolculugu.com\/blog\/2021\/08\/13\/sosyal-sorumluluk-sarmali\/","title":{"rendered":"Sosyal Sorumluluk Sarmal\u0131"},"content":{"rendered":"\n<p>Sorumlu bir insan olmak ile &#8220;sosyal sorumluluk&#8221; alan\u0131nda \u00e7al\u0131\u015fmak birbiriyle ili\u015fkili ama birbirinden farkl\u0131 iki kavram\u0131 anlat\u0131r. Sorun, bu ikisinin ayn\u0131 oldu\u011funu d\u00fc\u015f\u00fcnd\u00fc\u011f\u00fcm\u00fczde ba\u015flar.<\/p>\n\n\n\n<p>\u00d6rne\u011fin televizyonda veya arkada\u015f sohbetlerinde, birine ya da bir gruba iyilik yapan kimse &#8220;sosyal sorumlulu\u011fum bu benim&#8221; gibi bir c\u00fcmle sarf edebiliyor. Asl\u0131nda ki\u015finin demek istedi\u011fi bu benim sorumlu bir vatanda\u015f olarak yapt\u0131\u011f\u0131m iyilik demek istiyor.<\/p>\n\n\n\n<p>Ancak sosyal sorumluluk iyilik yapman\u0131n \u00f6tesinde bir kavrama i\u015faret ediyor. Bir sosyal sorumluluk projesi, iyilik yapman\u0131n \u00f6tesinde oldu\u011fu gibi, ba\u011f\u0131\u015f yapmaktan veya bir toplulu\u011fa ihtiyac\u0131 olan malzemeleri temin etmenin \u00e7ok \u00f6tesindedir. Sosyal sorumluluk bir proje olarak ele al\u0131nmal\u0131d\u0131r ve bir i\u015fin proje olabilmesi i\u00e7in de belli kriterleri bar\u0131nd\u0131rmas\u0131 gerekir.<\/p>\n\n\n\n<p>Sosyal sorumluluk bir kampanya yapmak de\u011fildir. Populist yakla\u015f\u0131mlarla hareket edenler kampanyalarla i\u015fe ba\u015flar. \u00dclkemizde toplumsal sorunlar\u0131n \u00e7\u00f6z\u00fcm\u00fc i\u00e7in \u00e7abalar\u0131n yar\u0131m kalmas\u0131n\u0131n ya da yanl\u0131\u015f i\u015flerle para ve emeklerin yanl\u0131\u015f yere gitmesinin en \u00f6nemli sebebi budur. Kampanya, planlaman\u0131n sadece bir par\u00e7as\u0131 olabilir ama ba\u015flang\u0131\u00e7 noktas\u0131 olamaz. <\/p>\n\n\n\n<p>G\u00fcn\u00fcm\u00fczde ileti\u015fimcilerin sosyal sorumluluk \u00e7al\u0131\u015fmalar\u0131n\u0131n neden statik oldu\u011funu merak ediyorsan\u0131z, neden t\u00fcm bas\u0131n a\u00e7\u0131klamalar\u0131n\u0131n ayn\u0131 \u015feyi s\u00f6yleyip, hi\u00e7 bir \u015feyi s\u00f6ylemedi\u011fini d\u00fc\u015f\u00fcn\u00fcyorsan\u0131z sebebi budur. Bir fidan kampanyas\u0131 yapmak, 10 bin a\u011fa\u00e7 dikmek, 100 milyon TL ba\u011f\u0131\u015f toplamak, bunlar ne sosyal sorumluluktur ne de sosyal sorumluluk ileti\u015fimi i\u00e7in uygundur. <\/p>\n\n\n\n<p>Koca koca i\u015f insanlar\u0131 en az 40 y\u0131ld\u0131r hi\u00e7 bir \u015fey \u00f6\u011frenmeden, \u00f6\u011frendi\u011finde do\u011fru bildikleri y\u00f6n\u00fcnde sava\u015f vermektense s\u00fcr\u00fcye tak\u0131lmay\u0131 tercih etmekten \u00f6teye gidemedi. Gidemiyor.<\/p>\n\n\n\n<p>\u00c7ok az say\u0131da insan idealler do\u011frultusunda \u00e7ok yo\u011fun \u00e7aba veriyor. Ama yetmiyor. \u00c7\u00fcnk\u00fc T\u00fcrkiye&#8217;de g\u00f6r\u00fcnmeyen bir cult sistemi vard\u0131r. Hindistandaki gibidir sadece yaz\u0131l\u0131 de\u011fildir. <\/p>\n\n\n\n<p>Her insan\u0131n sorumlulu\u011fu \u00f6ncelikle do\u011fru olan\u0131 savunmak i\u00e7in olmal\u0131d\u0131r. O istedi, bu istedi, \u015fu istedi, mecbur kald\u0131m demek sorumsuz bir vatanda\u015f davran\u0131\u015f\u0131d\u0131r. <\/p>\n","protected":false},"excerpt":{"rendered":"<p>Sorumlu bir insan olmak ile &#8220;sosyal sorumluluk&#8221; alan\u0131nda \u00e7al\u0131\u015fmak birbiriyle ili\u015fkili ama birbirinden farkl\u0131 iki kavram\u0131 anlat\u0131r. Sorun, bu ikisinin ayn\u0131 oldu\u011funu d\u00fc\u015f\u00fcnd\u00fc\u011f\u00fcm\u00fczde ba\u015flar. \u00d6rne\u011fin televizyonda veya arkada\u015f sohbetlerinde, birine ya da bir gruba iyilik yapan kimse &#8220;sosyal sorumlulu\u011fum bu benim&#8221; gibi bir c\u00fcmle sarf edebiliyor. Asl\u0131nda ki\u015finin demek istedi\u011fi bu benim sorumlu bir vatanda\u015f [&hellip;]<\/p>\n","protected":false},"author":1,"featured_media":0,"comment_status":"open","ping_status":"open","sticky":false,"template":"","format":"standard","meta":{"_exactmetrics_skip_tracking":false,"_exactmetrics_sitenote_active":false,"_exactmetrics_sitenote_note":"","_exactmetrics_sitenote_category":0,"_s2mail":"","footnotes":""},"categories":[1],"tags":[],"views":731,"_links":{"self":[{"href":"https:\/\/kariyeryolculugu.com\/blog\/wp-json\/wp\/v2\/posts\/6127"}],"collection":[{"href":"https:\/\/kariyeryolculugu.com\/blog\/wp-json\/wp\/v2\/posts"}],"about":[{"href":"https:\/\/kariyeryolculugu.com\/blog\/wp-json\/wp\/v2\/types\/post"}],"author":[{"embeddable":true,"href":"https:\/\/kariyeryolculugu.com\/blog\/wp-json\/wp\/v2\/users\/1"}],"replies":[{"embeddable":true,"href":"https:\/\/kariyeryolculugu.com\/blog\/wp-json\/wp\/v2\/comments?post=6127"}],"version-history":[{"count":1,"href":"https:\/\/kariyeryolculugu.com\/blog\/wp-json\/wp\/v2\/posts\/6127\/revisions"}],"predecessor-version":[{"id":6129,"href":"https:\/\/kariyeryolculugu.com\/blog\/wp-json\/wp\/v2\/posts\/6127\/revisions\/6129"}],"wp:attachment":[{"href":"https:\/\/kariyeryolculugu.com\/blog\/wp-json\/wp\/v2\/media?parent=6127"}],"wp:term":[{"taxonomy":"category","embeddable":true,"href":"https:\/\/kariyeryolculugu.com\/blog\/wp-json\/wp\/v2\/categories?post=6127"},{"taxonomy":"post_tag","embeddable":true,"href":"https:\/\/kariyeryolculugu.com\/blog\/wp-json\/wp\/v2\/tags?post=6127"}],"curies":[{"name":"wp","href":"https:\/\/api.w.org\/{rel}","templated":true}]}}