{"id":6226,"date":"2022-12-25T20:57:03","date_gmt":"2022-12-25T17:57:03","guid":{"rendered":"https:\/\/kariyeryolculugu.com\/blog\/?p=6226"},"modified":"2022-12-25T20:57:03","modified_gmt":"2022-12-25T17:57:03","slug":"bir-yil-daha-biterken-neler-olmus-neler-derken","status":"publish","type":"post","link":"https:\/\/kariyeryolculugu.com\/blog\/2022\/12\/25\/bir-yil-daha-biterken-neler-olmus-neler-derken\/","title":{"rendered":"Bir Y\u0131l Daha Biterken&#8230;Neler Olmu\u015f Neler Derken&#8230;"},"content":{"rendered":"\n<p>Bir y\u0131l\u0131 daha geride b\u0131rak\u0131yoruz. <\/p>\n\n\n\n<p>Makrodan mikroya inerek, \u015f\u00f6yle bir bakal\u0131m neler olmu\u015f.<\/p>\n\n\n\n<p>2022&#8217;ye veda etmeye bir hafta kala, genel bir bak\u0131\u015f atal\u0131m y\u0131la.<\/p>\n\n\n\n<p><strong>SAVA\u015e<\/strong><\/p>\n\n\n\n<p>Y\u0131l\u0131 Ukrayna-Rusya sava\u015f\u0131 ile a\u00e7t\u0131k. A\u00e7\u0131l\u0131\u015f olarak, daha b\u00fcy\u00fc\u011f\u00fc olamazd\u0131 dedirten bir durum oldu. Bir\u00e7ok uluslararas\u0131 marka Rusya&#8217;dan \u00e7ekildi\u011fini duyurdu. Renault ise Rusya&#8217;dan \u00e7ekilmeyece\u011fini s\u00f6yleyen ilk \u015firket oldu. <\/p>\n\n\n\n<p><strong>B\u00dcY\u00dcME<\/strong><\/p>\n\n\n\n<p>T\u00fcrkiye ekonomisi  <a href=\"https:\/\/betam.bahcesehir.edu.tr\/2022\/09\/buyume-degerlendirmesi-2022-2-ceyrek\/\">ilk iki \u00e7eyrekte b\u00fcy\u00fcm\u00fc\u015f. <\/a><\/p>\n\n\n\n<p>T\u00fcrkiye ekonomisi<a href=\"https:\/\/betam.bahcesehir.edu.tr\/2022\/12\/buyume-degerlendirmesi-2022-3-ceyrek\/\"> \u00fc\u00e7\u00fcnc\u00fc \u00e7eyrekte de b\u00fcy\u00fcm\u00fc\u015f.<\/a><\/p>\n\n\n\n<p>Hen\u00fcz a\u00e7\u0131klanmad\u0131 ama 2022 y\u0131l\u0131n\u0131 4. \u00e7eyrekte de b\u00fcy\u00fcyerek ge\u00e7irmi\u015f oldu\u011fumuz net.<\/p>\n\n\n\n<p>Yani k\u0131saca 2022 b\u00fcy\u00fcd\u00fc\u011f\u00fcm\u00fcz bir y\u0131l olmu\u015f!<\/p>\n\n\n\n<p><strong>YATIRIM<\/strong><\/p>\n\n\n\n<p>T\u00fcrkiye&#8217;ye uluslararas\u0131 do\u011frudan yat\u0131r\u0131m (UDY)y\u0131l\u0131n ilk 6 ay\u0131nda <a href=\"https:\/\/www.trthaber.com\/haber\/ekonomi\/turkiyeye-uluslararasi-dogrudan-yatirim-yuzde-79-artti-687067.html\">y\u00fczde 79 artt\u0131.<\/a> 2002 y\u0131l\u0131ndan bu yana T\u00fcrkiye\u2019ye gelen UDY ak\u0131mlar\u0131n\u0131n 240 milyar dolar seviyesini a\u015ft\u0131\u011f\u0131, b\u00f6ylelikle UDY ak\u0131mlar\u0131n\u0131n T\u00fcrkiye&#8217;nin hem s\u00fcrd\u00fcr\u00fclebilir kalk\u0131nmas\u0131na \u00f6nemli katk\u0131lar sa\u011flad\u0131\u011f\u0131 hem de toplam cari a\u00e7\u0131\u011f\u0131n y\u00fczde 41\u2019ini finanse etti\u011fi bildirildi.<\/p>\n\n\n\n<p><strong>ENFLASYON<\/strong><\/p>\n\n\n\n<p>Kariyerli beyaz yaka fakirle\u015fmeye devam etti ama \u00fccret almaya devam etti\u011fi i\u00e7in fakirli\u011fini o kadar dert etmedi. Dert etmedi\u011fi i\u00e7in de sorun beyaz yakan\u0131n sorunu olmad\u0131. Bu durum bu y\u0131la \u00f6zel de\u011fil, her d\u00f6nem beyaz yaka tutumu bu \u015fekilde olmu\u015ftur. <a href=\"https:\/\/www.youtube.com\/watch?v=f4PxliFiHqM&amp;list=PLjIyCnM1nDvt4yqdWJ5odH6lvW9oxurGE\">Kendine yabanc\u0131la\u015fm\u0131\u015f, \u00f6tekine duyars\u0131zla\u015fm\u0131\u015f insan tutumu diyorum ben buna. <\/a><\/p>\n\n\n\n<p>Enflasyonist durum, i\u015fletmelere fayda sa\u011flad\u0131. Her g\u00fcn fiyat art\u0131\u015f\u0131 normalle\u015fti ama \u00fccretler herg\u00fcn artmad\u0131!<\/p>\n\n\n\n<p>Bu kadar b\u00fcy\u00fcd\u00fc\u011f\u00fcm\u00fcz i\u00e7in olsa gerek, 2022 y\u0131l\u0131nda beyin g\u00f6\u00e7\u00fc olduk\u00e7a y\u00fckseldi. G\u00f6\u00e7 edenlerin yar\u0131s\u0131 20-35 ya\u015f aras\u0131 insanlar olu\u015fturuyor. <\/p>\n\n\n\n<p><strong>BEY\u0130N G\u00d6\u00c7\u00dc<\/strong><\/p>\n\n\n\n<p>Beyin g\u00f6\u00e7\u00fc kavram\u0131 az geli\u015fmi\u015f ya da geli\u015fmekte olan \u00fclkelerden geli\u015fmi\u015f \u00fclkelere yap\u0131lan nitelikli insan g\u00f6\u00e7\u00fc olarak g\u00f6r\u00fclse de, asl\u0131nda \u00e7ok y\u00f6nl\u00fcd\u00fcr. Yani, geli\u015fmi\u015f \u00fclkeler aras\u0131nda da beyin g\u00f6\u00e7\u00fc s\u00f6z konusudur. Elbette, bizim gibi \u00fclkelerde yeti\u015fmi\u015f yetenekli insan\u0131n g\u00f6\u00e7 etmesi \u00e7ok daha problemli olabiliyor.<\/p>\n\n\n\n<p>Beyin g\u00f6\u00e7\u00fc yeni bir kavram de\u011fil elbette ama \u00f6zellikle \u00fclkemizde hekimlerin yurt d\u0131\u015f\u0131na gitmesinin artmas\u0131yla, konu g\u00fcndeme daha yo\u011fun ta\u015f\u0131nd\u0131. 2021\u2019de 1405 doktor ba\u015fka bir \u00fclkeye g\u00f6\u00e7 etmi\u015f. 2011&#8217;e g\u00f6re 27 kat art\u0131\u015f anlam\u0131na geliyor.<\/p>\n\n\n\n<p>T\u00fcrkiye&#8217;den ayr\u0131ca bat\u0131ya yaz\u0131l\u0131mc\u0131 g\u00f6\u00e7\u00fc de epey olmu\u015f durumda. \u00d6zellikle T\u00fcrkiye&#8217;de b\u00fcy\u00fck \u015firketlerden \u00e7ekilen yaz\u0131l\u0131mc\u0131lar, buradaki \u015firketlerin yetene\u011fi elde tutmakta ne kadar ba\u015far\u0131s\u0131z olabildi\u011fini g\u00f6steriyor. <\/p>\n\n\n\n<p>\u00dclkedeki s\u0131k\u0131nt\u0131lar dolay\u0131s\u0131yla yurt d\u0131\u015f\u0131na gitme iste\u011fi g\u00fc\u00e7lenmi\u015f olsa da, b\u00fcy\u00fck \u015firketlerin yetene\u011fi ka\u00e7\u0131rmas\u0131n\u0131n inan\u0131lmaz b\u00fcy\u00fck bir ba\u015far\u0131s\u0131zl\u0131k oldu\u011fu kanaatindeyim. <\/p>\n\n\n\n<p>Kuru\u015f hesab\u0131yla, mercer puan\u0131 aral\u0131klar\u0131yla yetene\u011fi elde tutabilece\u011fini sanan, mutluluk oyunlar\u0131yla yetene\u011fi avlayabilece\u011fini d\u00fc\u015f\u00fcnen ortalama yetene\u011fe sahip y\u00f6netimler elbette yetene\u011fin ne oldu\u011funu, nas\u0131l hareket etti\u011fini hi\u00e7 bir d\u00f6nem anlayamad\u0131\u011f\u0131 gibi bu d\u00f6nemde de anlamamaya devam etti. <\/p>\n\n\n\n<p>Almanya-Fransa-Hollanda en fazla g\u00f6\u00e7 alan \u00fclkeler oldu.<\/p>\n\n\n\n<p><strong>S\u00dcRD\u00dcR\u00dcLEB\u0130L\u0130RL\u0130K<\/strong><\/p>\n\n\n\n<p>Bu y\u0131l s\u00fcrd\u00fcr\u00fclebilirlik \u00fczerine herkes bir konferans d\u00fczenledi. Herkes onu konu\u015ftu. Aralar\u0131nda ger\u00e7ekten, samimi olarak konuya g\u00f6n\u00fcl vermi\u015f olanlar \u0131\u015f\u0131ldad\u0131. En az\u0131ndan herkes bir \u015fekilde konuya ilgi duymaya ba\u015flad\u0131. Bir d\u00f6nem sadece kurumsal ileti\u015fimciler bu konudan anlarken \u015fimdi herkes konunun \u00fcst seviye uzman\u0131 oldu. Biz h\u0131zl\u0131 \u00f6\u011frenen bir \u00fclkeyiz:)<\/p>\n\n\n\n<p><strong>YILIN KEL\u0130MELER\u0130<\/strong><\/p>\n\n\n\n<p>Y\u0131l\u0131n kelimeleri &#8220;gaslighting&#8221; (amerikal\u0131lara g\u00f6re) ve &#8220;<a href=\"https:\/\/en.wikipedia.org\/wiki\/Goblin_mode\">goblin mode&#8221;<\/a> oldu (ingilizlere g\u00f6re).<\/p>\n\n\n\n<p><a href=\"https:\/\/www.theatlantic.com\/culture\/archive\/2022\/12\/goblin-mode-oxford-2022-word-of-the-year\/672430\/\">Goblin mode<\/a> ile ba\u015flayal\u0131m. Bu kelime hedonist ya\u015fayan, toplumsal beklentileri kar\u015f\u0131lamak zorunda olmad\u0131\u011f\u0131n\u0131 d\u00fc\u015f\u00fcnen, umars\u0131zca davranan, tembel, a\u00e7g\u00f6zl\u00fc ve estetik kayg\u0131s\u0131 d\u00fc\u015f\u00fck insan\u0131 anlat\u0131yor. Covid ile birlikte insanlar\u0131n biraz daha umursamaz davrand\u0131\u011f\u0131 ortam\u0131 da ifade ediyor. <\/p>\n\n\n\n<p><a href=\"https:\/\/tr.wikipedia.org\/wiki\/Gaslighting\">Gaslighting<\/a> ise psikolojik manip\u00fclasyon anlam\u0131na geliyor. \u0130dealle\u015ftirme, de\u011fersizle\u015ftirme ve g\u00f6zden \u00e7\u0131karma \u00fc\u00e7geni i\u00e7erisinde y\u00fcr\u00fct\u00fclen bir s\u00fcre\u00e7. \u0130\u015f d\u00fcnyas\u0131nda s\u00fcrd\u00fcr\u00fclebilirlik konusu i\u00e7erisinde ele al\u0131nsa ne g\u00fczel olur diye d\u00fc\u015f\u00fcnd\u00fcr\u00fcyor tabii.<\/p>\n\n\n\n<p><strong>Harry &amp; Meghan Netflix Dizisi Yapt\u0131<\/strong><\/p>\n\n\n\n<p>Harry ve Meghan&#8217;\u0131n hikayesi Netflix&#8217;e d\u00fc\u015ft\u00fc. Romantikler filmi \u00e7ok be\u011fendi. Di\u011ferleri, \u00f6zellikle de ingiliz bas\u0131n\u0131 bu gen\u00e7 \u00e7ifti yerden yere vurdu ge\u00e7ti. Dizi 6 b\u00f6l\u00fcmden olu\u015fuyor. Ticari olarak b\u00fcy\u00fck ba\u015far\u0131. Meghan&#8217;\u0131n kendini Lady Di sanmas\u0131 biraz erken olmu\u015f sanki ama bence filmden daha e\u011flenceli olan yorumcular\u0131n yorumlar\u0131. <\/p>\n\n\n\n<p><\/p>\n","protected":false},"excerpt":{"rendered":"<p>Bir y\u0131l\u0131 daha geride b\u0131rak\u0131yoruz. Makrodan mikroya inerek, \u015f\u00f6yle bir bakal\u0131m neler olmu\u015f. 2022&#8217;ye veda etmeye bir hafta kala, genel bir bak\u0131\u015f atal\u0131m y\u0131la. SAVA\u015e Y\u0131l\u0131 Ukrayna-Rusya sava\u015f\u0131 ile a\u00e7t\u0131k. A\u00e7\u0131l\u0131\u015f olarak, daha b\u00fcy\u00fc\u011f\u00fc olamazd\u0131 dedirten bir durum oldu. Bir\u00e7ok uluslararas\u0131 marka Rusya&#8217;dan \u00e7ekildi\u011fini duyurdu. Renault ise Rusya&#8217;dan \u00e7ekilmeyece\u011fini s\u00f6yleyen ilk \u015firket oldu. B\u00dcY\u00dcME T\u00fcrkiye [&hellip;]<\/p>\n","protected":false},"author":1,"featured_media":0,"comment_status":"open","ping_status":"open","sticky":false,"template":"","format":"standard","meta":{"_exactmetrics_skip_tracking":false,"_exactmetrics_sitenote_active":false,"_exactmetrics_sitenote_note":"","_exactmetrics_sitenote_category":0,"_s2mail":"","footnotes":""},"categories":[74],"tags":[],"views":1499,"_links":{"self":[{"href":"https:\/\/kariyeryolculugu.com\/blog\/wp-json\/wp\/v2\/posts\/6226"}],"collection":[{"href":"https:\/\/kariyeryolculugu.com\/blog\/wp-json\/wp\/v2\/posts"}],"about":[{"href":"https:\/\/kariyeryolculugu.com\/blog\/wp-json\/wp\/v2\/types\/post"}],"author":[{"embeddable":true,"href":"https:\/\/kariyeryolculugu.com\/blog\/wp-json\/wp\/v2\/users\/1"}],"replies":[{"embeddable":true,"href":"https:\/\/kariyeryolculugu.com\/blog\/wp-json\/wp\/v2\/comments?post=6226"}],"version-history":[{"count":1,"href":"https:\/\/kariyeryolculugu.com\/blog\/wp-json\/wp\/v2\/posts\/6226\/revisions"}],"predecessor-version":[{"id":6228,"href":"https:\/\/kariyeryolculugu.com\/blog\/wp-json\/wp\/v2\/posts\/6226\/revisions\/6228"}],"wp:attachment":[{"href":"https:\/\/kariyeryolculugu.com\/blog\/wp-json\/wp\/v2\/media?parent=6226"}],"wp:term":[{"taxonomy":"category","embeddable":true,"href":"https:\/\/kariyeryolculugu.com\/blog\/wp-json\/wp\/v2\/categories?post=6226"},{"taxonomy":"post_tag","embeddable":true,"href":"https:\/\/kariyeryolculugu.com\/blog\/wp-json\/wp\/v2\/tags?post=6226"}],"curies":[{"name":"wp","href":"https:\/\/api.w.org\/{rel}","templated":true}]}}